{"id":29251,"date":"2019-07-04T09:15:00","date_gmt":"2019-07-04T07:15:00","guid":{"rendered":"https:\/\/rslc.rapportactivite.ch\/2018\/?p=29251"},"modified":"2019-08-15T17:52:51","modified_gmt":"2019-08-15T15:52:51","slug":"soutien-aux-proches-aidant-e-s","status":"publish","type":"post","link":"https:\/\/rslc.rapportactivite.ch\/2018\/soutien-aux-proches-aidant-e-s\/","title":{"rendered":"Soutien aux proches aidant-e-s"},"content":{"rendered":"<section class=\"wpb-content-wrapper\"><p>[vc_row][vc_column width=&#8221;2\/3&#8243;][vc_column_text]Pour le 30 octobre, <strong><a href=\"https:\/\/www.journee-proches-aidants.ch\/\">journ\u00e9e romande de soutien aux proches aidant-e-s<\/a><\/strong>, les Fondations Belle Saison et Silo, le Groupement Hospitalier de l\u2019Ouest L\u00e9manique (GHOL) et son EMS Les Jardins du L\u00e9man, les Cliniques de Bois-Bougy et de La Ligni\u00e8re, le Centre M\u00e9moire et la Consultation Psychologique pour Proches aidants (CPA) ont mis \u00e0 l\u2019honneur les proches. Ces \u00e9tablissements, pour certains en collaboration avec le BRIO et d\u2019autres partenaires r\u00e9gionaux, ont propos\u00e9 des conf\u00e9rences et des espaces de rencontre et d\u2019information.<\/p>\n<p>En novembre, la CPA a anim\u00e9 en collaboration avec Espace Proches une discussion sur le th\u00e8me : <strong><em>Comment expliquer \u00e0 mon entourage ce que je vis avec mon proche\u00a0?\u00a0&#8211; Comment rester en couple quand la maladie s\u2019invite\u00a0?<\/em>\u00a0<\/strong> Les proches venu-e-s assister \u00e0 cet \u00e9v\u00e9nement b\u00e9n\u00e9ficiaient d\u00e9j\u00e0 d\u2019un suivi \u00e0 la CPA. D\u00e8s lors, aucune augmentation du recours \u00e0 recours \u00e0 la CPA n\u2019a \u00e9t\u00e9 observ\u00e9e.<\/p>\n<p>En 2019, le RSLC cr\u00e9era une plateforme regroupant les partenaires impliqu\u00e9s dans le soutien aux proches aidants.[\/vc_column_text][\/vc_column][vc_column width=&#8221;1\/3&#8243;][vc_single_image image=&#8221;29758&#8243; img_size=&#8221;full&#8221;][\/vc_column][\/vc_row][vc_row][vc_column][vc_btn title=&#8221;Retour&#8221; style=&#8221;flat&#8221; shape=&#8221;square&#8221; color=&#8221;btn-rslc1&#8243; align=&#8221;right&#8221; i_icon_fontawesome=&#8221;fa fa-chevron-left&#8221; add_icon=&#8221;true&#8221; link=&#8221;url:https%3A%2F%2Frslc.rapportactivite.ch%2F2018%2F|title:Retour%20%C3%A0%20l&#8217;accueil||&#8221; css=&#8221;.vc_custom_1561625023455{margin-top: 15px !important;}&#8221;][\/vc_column][\/vc_row]<\/p>\n<\/section>","protected":false},"excerpt":{"rendered":"<p>[vc_row][vc_column width=&#8221;2\/3&#8243;][vc_column_text]Pour le 30 octobre, journ\u00e9e romande de soutien aux proches aidant-e-s, les Fondations Belle Saison et Silo, le Groupement Hospitalier de l\u2019Ouest L\u00e9manique (GHOL) et son EMS Les Jardins du L\u00e9man, les Cliniques de Bois-Bougy et de La Ligni\u00e8re, le Centre M\u00e9moire et la Consultation Psychologique pour Proches aidants (CPA) ont mis \u00e0 l\u2019honneur [&#8230;]<\/p>\n<p><a class=\"btn btn-secondary understrap-read-more-link\" href=\"https:\/\/rslc.rapportactivite.ch\/2018\/soutien-aux-proches-aidant-e-s\/\">Lire la suite\u2026<span class=\"screen-reader-text\"> from Soutien aux proches aidant-e-s<\/span><\/a><\/p>\n","protected":false},"author":1,"featured_media":29817,"comment_status":"open","ping_status":"open","sticky":false,"template":"","format":"standard","meta":[],"categories":[8],"tags":[],"acf":[],"_links":{"self":[{"href":"https:\/\/rslc.rapportactivite.ch\/2018\/wp-json\/wp\/v2\/posts\/29251"}],"collection":[{"href":"https:\/\/rslc.rapportactivite.ch\/2018\/wp-json\/wp\/v2\/posts"}],"about":[{"href":"https:\/\/rslc.rapportactivite.ch\/2018\/wp-json\/wp\/v2\/types\/post"}],"author":[{"embeddable":true,"href":"https:\/\/rslc.rapportactivite.ch\/2018\/wp-json\/wp\/v2\/users\/1"}],"replies":[{"embeddable":true,"href":"https:\/\/rslc.rapportactivite.ch\/2018\/wp-json\/wp\/v2\/comments?post=29251"}],"version-history":[{"count":12,"href":"https:\/\/rslc.rapportactivite.ch\/2018\/wp-json\/wp\/v2\/posts\/29251\/revisions"}],"predecessor-version":[{"id":29796,"href":"https:\/\/rslc.rapportactivite.ch\/2018\/wp-json\/wp\/v2\/posts\/29251\/revisions\/29796"}],"wp:featuredmedia":[{"embeddable":true,"href":"https:\/\/rslc.rapportactivite.ch\/2018\/wp-json\/wp\/v2\/media\/29817"}],"wp:attachment":[{"href":"https:\/\/rslc.rapportactivite.ch\/2018\/wp-json\/wp\/v2\/media?parent=29251"}],"wp:term":[{"taxonomy":"category","embeddable":true,"href":"https:\/\/rslc.rapportactivite.ch\/2018\/wp-json\/wp\/v2\/categories?post=29251"},{"taxonomy":"post_tag","embeddable":true,"href":"https:\/\/rslc.rapportactivite.ch\/2018\/wp-json\/wp\/v2\/tags?post=29251"}],"curies":[{"name":"wp","href":"https:\/\/api.w.org\/{rel}","templated":true}]}}