{"id":29259,"date":"2019-07-05T09:16:49","date_gmt":"2019-07-05T07:16:49","guid":{"rendered":"https:\/\/rslc.rapportactivite.ch\/2018\/?p=29259"},"modified":"2019-08-14T15:45:58","modified_gmt":"2019-08-14T13:45:58","slug":"membres-du-reseau-sante-la-cote","status":"publish","type":"post","link":"https:\/\/rslc.rapportactivite.ch\/2018\/membres-du-reseau-sante-la-cote\/","title":{"rendered":"Membres du R\u00e9seau Sant\u00e9 La C\u00f4te"},"content":{"rendered":"<section class=\"wpb-content-wrapper\"><p>[vc_row][vc_column width=&#8221;2\/3&#8243;][vc_custom_heading text=&#8221;Membres affili\u00e9s de droit&#8221; use_theme_fonts=&#8221;yes&#8221; el_class=&#8221;page-title&#8221;][vc_custom_heading text=&#8221;H\u00f4pitaux reconnus d&#8217;int\u00e9r\u00eat public&#8221; font_container=&#8221;tag:h4|text_align:left&#8221; use_theme_fonts=&#8221;yes&#8221;][vc_column_text]<\/p>\n<ul>\n<li><a href=\"https:\/\/www.ehc-vd.ch\/\" target=\"_blank\" rel=\"noopener noreferrer\">Ensemble Hospitalier de la C\u00f4te (EHC)<\/a><\/li>\n<li><a href=\"https:\/\/www.ghol.ch\/\" target=\"_blank\" rel=\"noopener noreferrer\">Groupement Hospitalier de l&#8217;Ouest L\u00e9manique<\/a><\/li>\n<\/ul>\n<p>[\/vc_column_text][vc_custom_heading text=&#8221;Les Centres de Traitement et de R\u00e9adaptation et les institutions sp\u00e9cialis\u00e9es reconnus d&#8217;int\u00e9r\u00eat public&#8221; font_container=&#8221;tag:h4|text_align:left&#8221; use_theme_fonts=&#8221;yes&#8221;][vc_column_text]<\/p>\n<ul>\n<li><a href=\"https:\/\/www.la-ligniere.ch\/\" target=\"_blank\" rel=\"noopener noreferrer\">Clinique La Ligni\u00e8re<\/a>, \u00e0 hauteur de leurs lits r\u00e9pertori\u00e9s d\u2019int\u00e9r\u00eat public<\/li>\n<li><a href=\"https:\/\/www.ehc-vd.ch\/hopital-gilly\" target=\"_blank\" rel=\"noopener noreferrer\">H\u00f4pital de Gilly<\/a> et <a href=\"https:\/\/www.ehc-vd.ch\/hopital-aubonne\" target=\"_blank\" rel=\"noopener noreferrer\">H\u00f4pital d\u2019Aubonne<\/a> (EHC)<\/li>\n<li><a href=\"http:\/\/www.ilavigny.ch\/\" target=\"_blank\" rel=\"noopener noreferrer\">Institution de Lavigny<\/a><\/li>\n<\/ul>\n<p>[\/vc_column_text][vc_custom_heading text=&#8221;Secteur psychiatrique reconnu d&#8217;int\u00e9r\u00eat public&#8221; font_container=&#8221;tag:h4|text_align:left&#8221; use_theme_fonts=&#8221;yes&#8221;][vc_column_text]<\/p>\n<ul>\n<li><a href=\"https:\/\/www.chuv.ch\/fr\/fiches-psy\/secteur-psychiatrique-ouest-spo-personnes-agees-hopital-de-prangins\/\" target=\"_blank\" rel=\"noopener noreferrer\">H\u00f4pital de Prangins (CHUV)<\/a><\/li>\n<li><a href=\"https:\/\/www.lametairie.ch\/\" target=\"_blank\" rel=\"noopener noreferrer\">Clinique La M\u00e9tairie<\/a>, \u00e0 hauteur de leurs lits r\u00e9pertori\u00e9s d&#8217;int\u00e9r\u00eat public<\/li>\n<\/ul>\n<p>[\/vc_column_text][vc_custom_heading text=&#8221;Service d&#8217;aide et de soins \u00e0 domicile et la pr\u00e9vention mandat\u00e9 par l&#8217;AVASAD&#8221; font_container=&#8221;tag:h4|text_align:left&#8221; use_theme_fonts=&#8221;yes&#8221;][vc_column_text]<\/p>\n<ul>\n<li><a href=\"http:\/\/www.cmslacote.ch\/jcms\/p_16028\/fr\/accueil\" target=\"_blank\" rel=\"noopener noreferrer\">Fondation de La C\u00f4te<\/a><\/li>\n<\/ul>\n<p>[\/vc_column_text][vc_custom_heading text=&#8221;Soci\u00e9t\u00e9 Vaudoise de M\u00e9decine (SVM)&#8221; font_container=&#8221;tag:h4|text_align:left&#8221; use_theme_fonts=&#8221;yes&#8221;][vc_column_text]<\/p>\n<ul>\n<li>Les m\u00e9decins libres praticiens membres de la SVM<\/li>\n<\/ul>\n<p>[\/vc_column_text][vc_custom_heading text=&#8221;Etablissements m\u00e9dico-sociaux reconnus d&#8217;int\u00e9r\u00eat public&#8221; font_container=&#8221;tag:h4|text_align:left&#8221; use_theme_fonts=&#8221;yes&#8221;][vc_column_text]<\/p>\n<ul>\n<li><a href=\"https:\/\/www.bellesaison.ch\/nosems\/nos-ems-bellevue\" target=\"_blank\" rel=\"noopener noreferrer\">Bellevue, Fondation Belle Saison<\/a><\/li>\n<li><a href=\"https:\/\/www.fondationsilo.ch\/sites\/fechy\" target=\"_blank\" rel=\"noopener noreferrer\">Ch\u00e2teau de F\u00e9chy, Fondation Silo<\/a><\/li>\n<li><a href=\"https:\/\/www.tertianum.ch\/de\/tertianum-residenz-la-gottaz-morges\" target=\"_blank\" rel=\"noopener noreferrer\">Domaine de la Gottaz<\/a> (2 lits PC)<\/li>\n<li><a href=\"http:\/\/gracieuse.ch\/\" target=\"_blank\" rel=\"noopener noreferrer\">Domaine de La Gracieuse<\/a> (4 lits PC)<\/li>\n<li><a href=\"https:\/\/www.ehc-vd.ch\/ems-aubonne\" target=\"_blank\" rel=\"noopener noreferrer\">EMS d&#8217;Aubonne, EHC<\/a><\/li>\n<li><a href=\"http:\/\/www.fondationbaud.ch\/\" target=\"_blank\" rel=\"noopener noreferrer\">Fondation Commandant Baud<\/a><\/li>\n<li><a href=\"http:\/\/laclairiere.ch\/\" target=\"_blank\" rel=\"noopener noreferrer\">La Clairi\u00e8re, Fondation La Clairi\u00e8re<\/a><\/li>\n<li><a href=\"https:\/\/www.bellesaison.ch\/galeriephotos\/galerie-photos-ems-la-clef-des-champs\">La Clef des Champs, Fondation Belle Saison<\/a><\/li>\n<li>La Diligence S\u00e0rl<\/li>\n<li>La Gentilhommi\u00e8re, La Diligence S\u00e0rl (fermeture juin 2018)<\/li>\n<li><a href=\"http:\/\/www.federems.ch\/index.php\/component\/members\/?view=detail&amp;member=58\" target=\"_blank\" rel=\"noopener noreferrer\">La Renaissance SA<\/a><\/li>\n<li><a href=\"http:\/\/www.petit-bois.ch\/\" target=\"_blank\" rel=\"noopener noreferrer\">Le Petit Bois<\/a> (2 lits PC)<\/li>\n<li><a href=\"https:\/\/www.bellesaison.ch\/nosems\/nos-ems-les-4-saisons\" target=\"_blank\" rel=\"noopener noreferrer\">Les 4 Saisons, Fondation Belle Saison<\/a><\/li>\n<li><a href=\"https:\/\/www.ghol.ch\/jcms\/ghol_5734\/fr\/ems-les-jardins-du-leman\" target=\"_blank\" rel=\"noopener noreferrer\">Les Jardins du L\u00e9man, GHOL<\/a><\/li>\n<li><a href=\"http:\/\/www.jbcgroup.ch\/site.php?etablissement=lusiades&amp;page=notrehistoire\" target=\"_blank\" rel=\"noopener noreferrer\">Les Lusiades SA<\/a><\/li>\n<li><a href=\"https:\/\/www.fondationstanislas.ch\/\" target=\"_blank\" rel=\"noopener noreferrer\">Les Myosotis S\u00e0rl<\/a><\/li>\n<li><a href=\"http:\/\/www.altage.ch\/?etablissement-medico-sociaux\/ems-psychiatrique\/eps-les-tilleuls\" target=\"_blank\" rel=\"noopener noreferrer\">Les Tilleuls, Altage<\/a><\/li>\n<li><a href=\"http:\/\/www.altage.ch\/?etablissement-medico-sociaux\/ems-geriatrique\/ems-lescapade1\" target=\"_blank\" rel=\"noopener noreferrer\">L&#8217;Escapade, Altage<\/a><\/li>\n<li><a href=\"https:\/\/www.federems.ch\/index.php\/component\/members\/?view=detail&amp;member=29\" target=\"_blank\" rel=\"noopener noreferrer\">Maison de Bourgogne, Fondation du Midi<\/a><\/li>\n<li><a href=\"http:\/\/www.federems.ch\/index.php\/component\/members\/?view=detail&amp;member=29\" target=\"_blank\" rel=\"noopener noreferrer\">Maison du Midi, Fondation du Midi<\/a><\/li>\n<li><a href=\"https:\/\/www.ehc-vd.ch\/ems-neltydebeausobre\" target=\"_blank\" rel=\"noopener noreferrer\">Nelty de Beausobre, EHC<\/a><\/li>\n<li><a href=\"https:\/\/www.ehc-vd.ch\/ems-parcdebeausobre\" target=\"_blank\" rel=\"noopener noreferrer\">Parc de Beausobre, EHC<\/a><\/li>\n<li>Pension le L\u00e9man<\/li>\n<li><a href=\"http:\/\/www.altage.ch\/?etablissement-medico-sociaux\/ems-psychiatrique\/eps-sans-souci\" target=\"_blank\" rel=\"noopener noreferrer\">Sans-souci, Altage<\/a><\/li>\n<li><a href=\"https:\/\/www.fondationsilo.ch\/\" target=\"_blank\" rel=\"noopener noreferrer\">Silo, Fondation Silo<\/a><\/li>\n<li><a href=\"https:\/\/www.chuv.ch\/fr\/fiches\/ems-soerensen-la-rosiere\/\" target=\"_blank\" rel=\"noopener noreferrer\">Soerensen-La Rosi\u00e8re, CHUV<\/a><\/li>\n<\/ul>\n<p>[\/vc_column_text][vc_custom_heading text=&#8221;Communes des districts de Nyon et de Morges&#8221; font_container=&#8221;tag:h4|text_align:left&#8221; use_theme_fonts=&#8221;yes&#8221;][vc_column_text]Par d\u00e9rogation du DSAS, les communes du district de Morges suivantes sont rattach\u00e9es au R\u00e9seau Sant\u00e9 Nord Broye\u00a0: La Chaux, Chavannes-le-Veyron, Chevilly, Cossonay, Cuarnens, Dizy, Ecl\u00e9pens, Ferreyres, Gollion, L\u2019Isle, Moiry, Mont-la-Ville, Orny, Pompaples, Senarclens et La Sarraz.[\/vc_column_text][vc_custom_heading text=&#8221;Membres affili\u00e9s volontaires&#8221; use_theme_fonts=&#8221;yes&#8221; el_class=&#8221;page-title&#8221;][vc_column_text]<\/p>\n<ul>\n<li><a href=\"https:\/\/www.la-ligniere.ch\/\" target=\"_blank\" rel=\"noopener noreferrer\">Clinique La Ligni\u00e8re<\/a><\/li>\n<li><a href=\"https:\/\/www.genolier.net\/\" target=\"_blank\" rel=\"noopener noreferrer\">Clinique de Genolier<\/a><\/li>\n<\/ul>\n<p>[\/vc_column_text][vc_row_inner][vc_column_inner][vc_custom_heading text=&#8221;Membres associ\u00e9s&#8221; use_theme_fonts=&#8221;yes&#8221; el_class=&#8221;page-title&#8221;][vc_column_text]<\/p>\n<ul>\n<li><a href=\"http:\/\/www.jbcgroup.ch\/site.php?etablissement=factothome&amp;page=citation\" target=\"_blank\" rel=\"noopener noreferrer\">Adlibit\u2019Home SA<\/a><\/li>\n<li><a href=\"https:\/\/asbe-soin.ch\/\" target=\"_blank\" rel=\"noopener noreferrer\">ASBE (Accompagnement Sant\u00e9 Bien \u00catre)<\/a><\/li>\n<li><a href=\"https:\/\/alzheimer-vaud.ch\/\" target=\"_blank\" rel=\"noopener noreferrer\">Association Alzheimer Vaud<\/a><\/li>\n<li><a href=\"https:\/\/proches-aidants.ch\/\" target=\"_blank\" rel=\"noopener noreferrer\">Association de Proches Aidants<\/a><\/li>\n<li><a href=\"https:\/\/www.bois-bougy.ch\/\" target=\"_blank\" rel=\"noopener noreferrer\">Clinique Bois-Bougy<\/a><\/li>\n<li><a href=\"https:\/\/croixrougevaudoise.ch\/\" target=\"_blank\" rel=\"noopener noreferrer\">Croix-Rouge vaudoise<\/a><\/li>\n<li><a href=\"https:\/\/www.diabetevaud.ch\/\" target=\"_blank\" rel=\"noopener noreferrer\">Diab\u00e8tevaud<\/a><\/li>\n<li><a href=\"https:\/\/www.tertianum.ch\/de\/tertianum-residenz-la-gottaz-morges\" target=\"_blank\" rel=\"noopener noreferrer\">Domaine de la Gottaz<\/a><\/li>\n<li><a href=\"http:\/\/gracieuse.ch\/\" target=\"_blank\" rel=\"noopener noreferrer\">Domaine de la Gracieuse Le Parc SA<\/a><\/li>\n<li>Espace sant\u00e9 (d\u00e9nomination actuelle <a href=\"https:\/\/www.vivradom.ch\/\" target=\"_blank\" rel=\"noopener noreferrer\">Vivradom<\/a>)<\/li>\n<li><a href=\"https:\/\/www.hebamme.ch\/?lang=fr\" target=\"_blank\" rel=\"noopener noreferrer\">F\u00e9d\u00e9ration suisse des sages-femmes<\/a><\/li>\n<li><a href=\"http:\/\/www.altage.ch\/\" target=\"_blank\" rel=\"noopener noreferrer\">Fondation Pro-Home<\/a><\/li>\n<li><a href=\"http:\/\/www.homeassistance.ch\/\" target=\"_blank\" rel=\"noopener noreferrer\">Home assistance S\u00e0rl<\/a><\/li>\n<li><a href=\"https:\/\/www.homeinstead.ch\/\" target=\"_blank\" rel=\"noopener noreferrer\">Home Instead &#8211; Agissime S\u00e0rl<\/a><\/li>\n<li><a href=\"https:\/\/www.laboiteoservices.ch\/\" target=\"_blank\" rel=\"noopener noreferrer\">La Bo\u00eete O Services S\u00e0rl<\/a><\/li>\n<li><a href=\"https:\/\/la-solution.ch\/\" target=\"_blank\" rel=\"noopener noreferrer\">La-solution.ch<\/a><\/li>\n<li><a href=\"http:\/\/www.esperance.ch\/3\/\" target=\"_blank\" rel=\"noopener noreferrer\">L&#8217;Esp\u00e9rance<\/a><\/li>\n<li><a href=\"https:\/\/www.liguepulmonaire.ch\/fr\/ligue-pulmonaire-vaudoise\/page-daccueil.html\" target=\"_blank\" rel=\"noopener noreferrer\">Ligue pulmonaire Vaudoise<\/a><\/li>\n<li><a href=\"https:\/\/www.o-sante.ch\/\" target=\"_blank\" rel=\"noopener noreferrer\">\u00d4 Sant\u00e9 S\u00e0rl<\/a><\/li>\n<li><a href=\"https:\/\/permed.ch\/fr\/\" target=\"_blank\" rel=\"noopener noreferrer\">Permed SA<\/a><\/li>\n<li><a href=\"https:\/\/pharmpic.ch\/\" target=\"_blank\" rel=\"noopener noreferrer\">Pharmacie inter-hospitali\u00e8re de la C\u00f4te<\/a>, EHC<\/li>\n<li><a href=\"https:\/\/www.spitexvillecampagne.ch\/nos-filiales\/lausanne\/\" target=\"_blank\" rel=\"noopener noreferrer\">Spitex pour la ville et la campagne SA<\/a><\/li>\n<li><a href=\"https:\/\/www.uniquecare.ch\/\" target=\"_blank\" rel=\"noopener noreferrer\">Unique Care S\u00e0rl<\/a><\/li>\n<li><a href=\"http:\/\/www.vivitashomecare.com\/fr\/\" target=\"_blank\" rel=\"noopener noreferrer\">Vivitas SA<\/a><\/li>\n<\/ul>\n<p>[\/vc_column_text][\/vc_column_inner][\/vc_row_inner][\/vc_column][\/vc_row][vc_row][vc_column][vc_btn title=&#8221;Retour&#8221; style=&#8221;flat&#8221; shape=&#8221;square&#8221; color=&#8221;btn-rslc1&#8243; align=&#8221;right&#8221; i_icon_fontawesome=&#8221;fa fa-chevron-left&#8221; add_icon=&#8221;true&#8221; link=&#8221;url:https%3A%2F%2Frslc.rapportactivite.ch%2F2018%2F|title:Retour%20%C3%A0%20l&#8217;accueil||&#8221; css=&#8221;.vc_custom_1563258013462{margin-top: 15px !important;}&#8221;][\/vc_column][\/vc_row]<\/p>\n<\/section>","protected":false},"excerpt":{"rendered":"<p>[vc_row][vc_column width=&#8221;2\/3&#8243;][vc_custom_heading text=&#8221;Membres affili\u00e9s de droit&#8221; use_theme_fonts=&#8221;yes&#8221; el_class=&#8221;page-title&#8221;][vc_custom_heading text=&#8221;H\u00f4pitaux reconnus d&#8217;int\u00e9r\u00eat public&#8221; font_container=&#8221;tag:h4|text_align:left&#8221; use_theme_fonts=&#8221;yes&#8221;][vc_column_text] Ensemble Hospitalier de la C\u00f4te (EHC) Groupement Hospitalier de l&#8217;Ouest L\u00e9manique [\/vc_column_text][vc_custom_heading text=&#8221;Les Centres de Traitement et de R\u00e9adaptation et les institutions sp\u00e9cialis\u00e9es reconnus d&#8217;int\u00e9r\u00eat public&#8221; font_container=&#8221;tag:h4|text_align:left&#8221; use_theme_fonts=&#8221;yes&#8221;][vc_column_text] Clinique La Ligni\u00e8re, \u00e0 hauteur de leurs lits r\u00e9pertori\u00e9s d\u2019int\u00e9r\u00eat public H\u00f4pital de [&#8230;]<\/p>\n<p><a class=\"btn btn-secondary understrap-read-more-link\" href=\"https:\/\/rslc.rapportactivite.ch\/2018\/membres-du-reseau-sante-la-cote\/\">Lire la suite\u2026<span class=\"screen-reader-text\"> from Membres du R\u00e9seau Sant\u00e9 La C\u00f4te<\/span><\/a><\/p>\n","protected":false},"author":1,"featured_media":0,"comment_status":"open","ping_status":"open","sticky":false,"template":"","format":"standard","meta":[],"categories":[10],"tags":[],"acf":[],"_links":{"self":[{"href":"https:\/\/rslc.rapportactivite.ch\/2018\/wp-json\/wp\/v2\/posts\/29259"}],"collection":[{"href":"https:\/\/rslc.rapportactivite.ch\/2018\/wp-json\/wp\/v2\/posts"}],"about":[{"href":"https:\/\/rslc.rapportactivite.ch\/2018\/wp-json\/wp\/v2\/types\/post"}],"author":[{"embeddable":true,"href":"https:\/\/rslc.rapportactivite.ch\/2018\/wp-json\/wp\/v2\/users\/1"}],"replies":[{"embeddable":true,"href":"https:\/\/rslc.rapportactivite.ch\/2018\/wp-json\/wp\/v2\/comments?post=29259"}],"version-history":[{"count":24,"href":"https:\/\/rslc.rapportactivite.ch\/2018\/wp-json\/wp\/v2\/posts\/29259\/revisions"}],"predecessor-version":[{"id":29705,"href":"https:\/\/rslc.rapportactivite.ch\/2018\/wp-json\/wp\/v2\/posts\/29259\/revisions\/29705"}],"wp:attachment":[{"href":"https:\/\/rslc.rapportactivite.ch\/2018\/wp-json\/wp\/v2\/media?parent=29259"}],"wp:term":[{"taxonomy":"category","embeddable":true,"href":"https:\/\/rslc.rapportactivite.ch\/2018\/wp-json\/wp\/v2\/categories?post=29259"},{"taxonomy":"post_tag","embeddable":true,"href":"https:\/\/rslc.rapportactivite.ch\/2018\/wp-json\/wp\/v2\/tags?post=29259"}],"curies":[{"name":"wp","href":"https:\/\/api.w.org\/{rel}","templated":true}]}}